{"id":1448,"date":"2023-04-10T20:03:09","date_gmt":"2023-04-11T01:03:09","guid":{"rendered":"https:\/\/espiralika.com\/?p=1448"},"modified":"2023-04-10T20:16:52","modified_gmt":"2023-04-11T01:16:52","slug":"escuchar-la-naturaleza-con-el-corazon","status":"publish","type":"post","link":"https:\/\/espiralika.com\/?p=1448","title":{"rendered":"Escuchar la Naturaleza con el coraz\u00f3n\u2026"},"content":{"rendered":"\n<p><br><br>Nos permite ingresar en un sitio de realidades m\u00e1s sutiles. Realidades que siempre est\u00e1n, pero no solemos advertir porque estamos muy condicionadxs a una percepci\u00f3n m\u00e1s materialista. Cuando desarrollamos una mayor (re) conexi\u00f3n con la Naturaleza, comenzamos a (re) descubrir nuestra sabidur\u00eda interna, a ganar soberan\u00eda sobre nuestro cuerpo, nuestras emociones, pensamientos, energ\u00eda, y a manejar informaci\u00f3n m\u00e1s profunda y completa.<\/p>\n\n\n\n<p>Yo inici\u00e9 charlando con las plantas, y pronto comenc\u00e9 a experimentar distintos aspectos multidimensionales de la realidad, encontrando y comprendiendo mi propia medicina, y nutriendo una nueva relaci\u00f3n conmigo y con mi entorno. Ese \u201centorno\u201d no se limita a este bello planeta, mucha de la informaci\u00f3n con la que tengo interacci\u00f3n, es c\u00f3smica. Llegu\u00e9 a ella de manera inocente e intuitiva. Me sent\u00e9 a meditar con la intenci\u00f3n profunda de transmutar e integrar aquello que de alguna manera bloqueaba o limitaba mi experiencia aqu\u00ed. As\u00ed comenc\u00e9 a viajar por l\u00edneas temporales y a armonizar mis paradigmas limitantes. As\u00ed he conocido varias de mis vidas dentro y fuera de este planeta, no como turista, sino con un enfoque de sanaci\u00f3n profunda.<\/p>\n\n\n\n<p>Me di cuenta de que esos aspectos de mi vida est\u00e1n muy relacionados con mi manera de comprender la realidad hoy, con mi sistema de creencias, con esa parte subconsciente que solemos ignorar, pero que determina en gran medida lo que manifestamos. Para m\u00ed, ha sido muy importante armonizar esas vidas o recuerdos c\u00f3smicos, porque me ha permitido llegar a niveles de comprensi\u00f3n m\u00e1s profundos acerca de m\u00ed misma, a liberar cargas y programaciones obsoletas, y a confiar m\u00e1s en mi poder de creaci\u00f3n. Sigo en ese camino, descubriendo y aprendiendo cosas fascinantes cada d\u00eda, transform\u00e1ndome con cada reto.<\/p>\n\n\n\n<p>El mundo vegetal nos ha acompa\u00f1ado a lo largo de nuestra evoluci\u00f3n, nos ha contenido, sostenido, y guiado. Las plantas son guardianas de la sabidur\u00eda de la Tierra, y est\u00e1n esperando amorosamente a que les pidamos que nos la compartan, y a que permitamos que nuestra verdadera naturaleza brille. Acercarnos sensiblemente a interactuar con las plantas nos puede llevar a (re) conectar con estados profundos de nuestro ser, a conocernos m\u00e1s all\u00e1 de la personalidad que hemos creado a lo largo de esta vida, y a desvanecer barreras y condicionamientos que alguna vez consideramos imposibles de trascender.<\/p>\n\n\n\n<p>\u201cEstablecer contacto con la belleza de la naturaleza hace la vida mucho m\u00e1s hermosa, mucho m\u00e1s real, y, cuanto m\u00e1s atento y concentrado contemples la puesta de sol, m\u00e1s profundamente se te revelar\u00e1.\u201d Thich Nhat Hanh.<\/p>\n\n\n\n<p><a href=\"https:\/\/www.facebook.com\/hashtag\/conscienciaplena?__eep__=6&amp;__tn__=*NK*F\">#conscienciaplena<\/a><a href=\"https:\/\/www.facebook.com\/hashtag\/contactoconlanaturaleza?__eep__=6&amp;__tn__=*NK*F\">#contactoconlanaturaleza<\/a><a href=\"https:\/\/www.facebook.com\/hashtag\/espiralika?__eep__=6&amp;__tn__=*NK*F\">#espiralika<\/a><a href=\"https:\/\/www.facebook.com\/hashtag\/cambiodeparadigma?__eep__=6&amp;__tn__=*NK*F\">#cambiodeparadigma<\/a><a href=\"https:\/\/www.facebook.com\/hashtag\/meditacion?__eep__=6&amp;__tn__=*NK*F\">#meditacion<\/a><a href=\"https:\/\/www.facebook.com\/hashtag\/conscienciaemocional?__eep__=6&amp;__tn__=*NK*F\">#conscienciaemocional<\/a><a href=\"https:\/\/www.facebook.com\/hashtag\/conscienciacosmica?__eep__=6&amp;__tn__=*NK*F\">#conscienciacosmica<\/a><\/p>\n\n\n\n<p><\/p>\n","protected":false},"excerpt":{"rendered":"<p>Nos permite ingresar en un sitio de realidades m\u00e1s sutiles. Realidades que siempre est\u00e1n, pero no solemos advertir porque estamos muy condicionadxs a una percepci\u00f3n m\u00e1s materialista. Cuando desarrollamos una mayor (re) conexi\u00f3n con la Naturaleza, comenzamos a (re) descubrir nuestra sabidur\u00eda interna, a ganar soberan\u00eda sobre nuestro cuerpo, nuestras emociones, pensamientos, energ\u00eda, y a&#8230; <span class=\"more\"><a class=\"more-link\" href=\"https:\/\/espiralika.com\/?p=1448\">Continue reading <span class=\"meta-nav\">&#8594;<\/span><\/a><\/span><\/p>\n","protected":false},"author":2,"featured_media":1449,"comment_status":"closed","ping_status":"closed","sticky":true,"template":"","format":"standard","meta":{"om_disable_all_campaigns":false,"_mi_skip_tracking":false},"categories":[35],"tags":[],"aioseo_notices":[],"_links":{"self":[{"href":"https:\/\/espiralika.com\/index.php?rest_route=\/wp\/v2\/posts\/1448"}],"collection":[{"href":"https:\/\/espiralika.com\/index.php?rest_route=\/wp\/v2\/posts"}],"about":[{"href":"https:\/\/espiralika.com\/index.php?rest_route=\/wp\/v2\/types\/post"}],"author":[{"embeddable":true,"href":"https:\/\/espiralika.com\/index.php?rest_route=\/wp\/v2\/users\/2"}],"replies":[{"embeddable":true,"href":"https:\/\/espiralika.com\/index.php?rest_route=%2Fwp%2Fv2%2Fcomments&post=1448"}],"version-history":[{"count":2,"href":"https:\/\/espiralika.com\/index.php?rest_route=\/wp\/v2\/posts\/1448\/revisions"}],"predecessor-version":[{"id":1451,"href":"https:\/\/espiralika.com\/index.php?rest_route=\/wp\/v2\/posts\/1448\/revisions\/1451"}],"wp:featuredmedia":[{"embeddable":true,"href":"https:\/\/espiralika.com\/index.php?rest_route=\/wp\/v2\/media\/1449"}],"wp:attachment":[{"href":"https:\/\/espiralika.com\/index.php?rest_route=%2Fwp%2Fv2%2Fmedia&parent=1448"}],"wp:term":[{"taxonomy":"category","embeddable":true,"href":"https:\/\/espiralika.com\/index.php?rest_route=%2Fwp%2Fv2%2Fcategories&post=1448"},{"taxonomy":"post_tag","embeddable":true,"href":"https:\/\/espiralika.com\/index.php?rest_route=%2Fwp%2Fv2%2Ftags&post=1448"}],"curies":[{"name":"wp","href":"https:\/\/api.w.org\/{rel}","templated":true}]}}