{"id":1439,"date":"2022-12-07T21:59:25","date_gmt":"2022-12-08T03:59:25","guid":{"rendered":"https:\/\/espiralika.com\/?p=1439"},"modified":"2022-12-28T06:46:34","modified_gmt":"2022-12-28T12:46:34","slug":"polaridad-o-neutralidad","status":"publish","type":"post","link":"https:\/\/espiralika.com\/?p=1439","title":{"rendered":"De la Dualidad a la Neutralidad"},"content":{"rendered":"\n<p>Se dice que en el inicio todo estaba (est\u00e1) unido en una fuente absoluta, en un estado de conciencia plena y unidad. Esta fuente, para experimentarse a s\u00ed misma, se empieza a \u201cdesdoblar\u201d, a fractalizar, alcanzando dimensiones m\u00e1s densas cada vez (como la nuestra). Dimensiones en donde existe la dualidad para percibir la realidad, pero hoy podemos trascenderla.<\/p>\n\n\n\n<p>Por muchos a\u00f1os estuvimos experimentando los opuestos, los extremos, fue importante hacerlo. Hoy ya podemos vivir en neutralidad, si as\u00ed lo decidimos. Me parece importante enfocarnos en terminar de limpiar el karma residual, romper contratos, pactos, etc., porque al poner atenci\u00f3n en la limpieza y perfeccionamiento de programas y l\u00edneas temporales, nuestra realidad cambia. Empezamos a co-crear esa nueva realidad (m\u00e1s luminosa) que tanto deseamos, pero vemos lejana, si no es que imposible.<\/p>\n\n\n\n<p>S\u00ed es posible, todo empieza con el trabajo que hacemos hacia adentro. Si tienes conflictos con alguien o algo, ver\u00e1s que armonizando esos conflictos dentro de ti (reconoci\u00e9ndolos, no rechaz\u00e1ndolos, integr\u00e1ndolos), desaparecer\u00e1n fuera de ti. Al principio puede parecer raro o complejo, pero despu\u00e9s de un rato practicando, se vuelve m\u00e1s cotidiano y accesible, yo as\u00ed lo he vivido. Una sensaci\u00f3n de ligereza se empieza a sentir, como cuando se baja de peso. El camino sigue, con su vaiv\u00e9n en espiral, y en \u00e9l nos vamos encontrando.<\/p>\n\n\n\n<p>Gracias \ud83d\ude0a<\/p>\n\n\n\n<p>#hablarconplantas #comunicacionconplantas #concienciavegetal #neutralidad #polaridad #dualidad #conexionnatural #espiralika #cocrear<\/p>\n","protected":false},"excerpt":{"rendered":"<p>Se dice que en el inicio todo estaba (est\u00e1) unido en una fuente absoluta, en un estado de conciencia plena y unidad. Esta fuente, para experimentarse a s\u00ed misma, se empieza a \u201cdesdoblar\u201d, a fractalizar, alcanzando dimensiones m\u00e1s densas cada vez (como la nuestra). Dimensiones en donde existe la dualidad para percibir la realidad, pero&#8230; <span class=\"more\"><a class=\"more-link\" href=\"https:\/\/espiralika.com\/?p=1439\">Continue reading <span class=\"meta-nav\">&#8594;<\/span><\/a><\/span><\/p>\n","protected":false},"author":2,"featured_media":1440,"comment_status":"closed","ping_status":"closed","sticky":true,"template":"","format":"standard","meta":{"om_disable_all_campaigns":false,"_mi_skip_tracking":false},"categories":[35],"tags":[],"aioseo_notices":[],"_links":{"self":[{"href":"https:\/\/espiralika.com\/index.php?rest_route=\/wp\/v2\/posts\/1439"}],"collection":[{"href":"https:\/\/espiralika.com\/index.php?rest_route=\/wp\/v2\/posts"}],"about":[{"href":"https:\/\/espiralika.com\/index.php?rest_route=\/wp\/v2\/types\/post"}],"author":[{"embeddable":true,"href":"https:\/\/espiralika.com\/index.php?rest_route=\/wp\/v2\/users\/2"}],"replies":[{"embeddable":true,"href":"https:\/\/espiralika.com\/index.php?rest_route=%2Fwp%2Fv2%2Fcomments&post=1439"}],"version-history":[{"count":3,"href":"https:\/\/espiralika.com\/index.php?rest_route=\/wp\/v2\/posts\/1439\/revisions"}],"predecessor-version":[{"id":1443,"href":"https:\/\/espiralika.com\/index.php?rest_route=\/wp\/v2\/posts\/1439\/revisions\/1443"}],"wp:featuredmedia":[{"embeddable":true,"href":"https:\/\/espiralika.com\/index.php?rest_route=\/wp\/v2\/media\/1440"}],"wp:attachment":[{"href":"https:\/\/espiralika.com\/index.php?rest_route=%2Fwp%2Fv2%2Fmedia&parent=1439"}],"wp:term":[{"taxonomy":"category","embeddable":true,"href":"https:\/\/espiralika.com\/index.php?rest_route=%2Fwp%2Fv2%2Fcategories&post=1439"},{"taxonomy":"post_tag","embeddable":true,"href":"https:\/\/espiralika.com\/index.php?rest_route=%2Fwp%2Fv2%2Ftags&post=1439"}],"curies":[{"name":"wp","href":"https:\/\/api.w.org\/{rel}","templated":true}]}}